{"id":1,"date":"2020-09-15T13:01:27","date_gmt":"2020-09-15T13:01:27","guid":{"rendered":"https:\/\/szepsegesvarandossag.hu\/?p=1"},"modified":"2024-03-18T07:29:29","modified_gmt":"2024-03-18T07:29:29","slug":"hello-world","status":"publish","type":"post","link":"https:\/\/szepsegesvarandossag.hu\/?p=1","title":{"rendered":"Szeretettel k\u00f6sz\u00f6ntj\u00fck a Sz\u00e9ps\u00e9ges V\u00e1rand\u00f3ss\u00e1g Webkonferencia oldalon!"},"content":{"rendered":"\n<p>A Sz\u00e9ps\u00e9ges V\u00e1rand\u00f3ss\u00e1g Konferenci\u00e1k a kismam\u00e1k \u00e9s fiatal csal\u00e1dok seg\u00edt\u00e9s\u00e9re szervezett ingyenes egynapos rendezv\u00e9nyek. Az el\u0151ad\u00e1s programok olyan t\u00e9m\u00e1kat t\u00e1rgyalnak, amelyek a babav\u00e1r\u00e1s-, k\u00e9s\u0151bb pedig a csecsem\u0151gondoz\u00e1s sor\u00e1n felmer\u00fcl\u0151 probl\u00e9m\u00e1kat, k\u00e9rd\u00e9seket oldj\u00e1k-, v\u00e1laszolj\u00e1k meg. El\u0151ad\u00f3ink gyakorlott \u00e9s elismert szakemberek. Az els\u0151 Sz\u00e9ps\u00e9ges V\u00e1rand\u00f3ss\u00e1g Konferencia 2020.  szeptember 12-\u00e9n a Duna Palota gy\u00f6ny\u00f6r\u0171 Sz\u00ednh\u00e1zterm\u00e9ben ker\u00fclt megrendez\u00e9sre.  Az\u00f3ta \u00e9vente egy el\u0151ad\u00e1sblokkot k\u00e9sz\u00edtett\u00fcnk, \u00edgy m\u00e1r sok \u00e9rt\u00e9kes t\u00e9ma tekinthet\u0151 meg oldalunkon. A szakmai programok szervez\u00e9s\u00e9t a j\u00f6v\u0151 \u00e9vekben is folytatjuk.<\/p>\n\n\n\n<p><strong>A konferenci\u00e1k \u00e9s az oldal a Minisztereln\u00f6ks\u00e9g \u00e9s a Bethlen G\u00e1bor Alapkezel\u0151 Zrt. t\u00e1mogat\u00e1s\u00e1val j\u00f6hetett l\u00e9tre.<\/strong><\/p>\n\n\n\n<p><a href=\"https:\/\/szepsegesvarandossag.hu\/?page_id=93\"><strong>Sz\u00e9ps\u00e9ges V\u00e1rand\u00f3ss\u00e1g 2020.<\/strong>;<\/a> Duna Palota, Sz\u00ednh\u00e1zterem; Id\u0151pont: 2020. szeptember 12. (A konferencia csak az el\u0151ad\u00f3k r\u00e9szv\u00e9tel\u00e9vel zajlott le.) El\u0151ad\u00e1saink megtekinthet\u0151ek <a href=\"https:\/\/szepsegesvarandossag.hu\/?page_id=93\">itt.<\/a><\/p>\n\n\n\n<p><a href=\"https:\/\/szepsegesvarandossag.hu\/?page_id=1897\"><strong>Sz\u00e9ps\u00e9ges V\u00e1rand\u00f3ss\u00e1g 2021.<\/strong>;<\/a> Duna Palota, Elvira Szalon; Id\u0151pont: 2021. m\u00e1jus 7. (A konferencia csak az el\u0151ad\u00f3k r\u00e9szv\u00e9tel\u00e9vel zajlott le.) El\u0151ad\u00e1saink megtekinthet\u0151ek <a href=\"https:\/\/szepsegesvarandossag.hu\/?page_id=1897\">itt.<\/a><\/p>\n\n\n\n<p><strong><a href=\"https:\/\/szepsegesvarandossag.hu\/?page_id=135\">Sz\u00e9ps\u00e9ges V\u00e1rand\u00f3ss\u00e1g 2022.<\/a><\/strong>; Lurdy Konferencia- \u00e9s Rendezv\u00e9ny K\u00f6zpont; Id\u0151pont: 2022. m\u00e1jus 20. (Az els\u0151 konferencia, amely kismam\u00e1k r\u00e9szv\u00e9tel\u00e9vel is zajlott.) El\u0151ad\u00e1saink megtekinthet\u0151ek <a href=\"https:\/\/szepsegesvarandossag.hu\/?page_id=135\">itt.<\/a><\/p>\n\n\n\n<p>El\u0151ad\u00e1saink megtekint\u00e9s\u00e9hez klikkeljen a konferencia c\u00edm\u00e9re! Az el\u0151ad\u00e1sokon vet\u00edtett di\u00e1k megtekinthet\u0151ek az&nbsp;<strong><a href=\"https:\/\/szepsegesvarandossag.hu\/?page_id=179\">El\u0151ad\u00e1s di\u00e1k<\/a>&nbsp;<\/strong>men\u00fcpont alatt. Ha k\u00e9rd\u00e9s\u00fck lenne az el\u0151ad\u00e1s t\u00e9m\u00e1kkal kapcsolatban, \u00edrj\u00e1k meg az info@azeletminosegert.hu e-mail c\u00edm\u00fcnkre.<\/p>\n\n\n\n<p><strong>A weboldalon a szem\u00e9lyes r\u00e9szv\u00e9tel\u0171 konferenci\u00e1khoz hasonl\u00f3an &#8220;ki\u00e1ll\u00edt\u00f3&#8221; partnereket is szerepeltet\u00fcnk, hogy seg\u00edts\u00e9get ny\u00fajtsunk abban, hogy szolg\u00e1ltat\u00e1saik \u00e9s term\u00e9keik t\u00f6bb ezer kismam\u00e1hoz eljuthassanak.<\/strong>  <\/p>\n\n\n\n<p>A<strong> <a href=\"https:\/\/szepsegesvarandossag.hu\/?page_id=2083\">Sz\u00e9ps\u00e9ges V\u00e1rand\u00f3ss\u00e1g Eg\u00e9szs\u00e9gh\u00e1z<\/a> <\/strong>oldalon a baba eg\u00e9szs\u00e9ges gondoz\u00e1s\u00e1val kapcsolatos tan\u00e1csok tal\u00e1lhat\u00f3ak. (Szerkeszt\u00e9s alatt)<\/p>\n\n\n\n<p>A <strong><a href=\"https:\/\/szepsegesvarandossag.hu\/?page_id=2088\">Sz\u00e9ps\u00e9ges V\u00e1rand\u00f3ss\u00e1g Pl\u00e1za<\/a><\/strong> men\u00fcpontban baba-mama term\u00e9kekkel ismerkedhetnek meg. (Szerkeszt\u00e9s alatt)<\/p>\n\n\n\n<p><strong>K\u00f6sz\u00f6nj\u00fck, hogy megtekinti szakmai programjainkat. Rem\u00e9lj\u00fck, sokat seg\u00edt\u00fcnk a babav\u00e1r\u00e1sban \u00e9s babagondoz\u00e1sban ezekkel az inform\u00e1ci\u00f3kkal.<\/strong><\/p>\n","protected":false},"excerpt":{"rendered":"<p>A Sz\u00e9ps\u00e9ges V\u00e1rand\u00f3ss\u00e1g Konferenci\u00e1k a kismam\u00e1k \u00e9s fiatal csal\u00e1dok seg\u00edt\u00e9s\u00e9re szervezett ingyenes egynapos rendezv\u00e9nyek. Az el\u0151ad\u00e1s programok olyan t\u00e9m\u00e1kat t\u00e1rgyalnak, amelyek a babav\u00e1r\u00e1s-, k\u00e9s\u0151bb pedig a csecsem\u0151gondoz\u00e1s sor\u00e1n felmer\u00fcl\u0151 probl\u00e9m\u00e1kat, k\u00e9rd\u00e9seket oldj\u00e1k-, v\u00e1laszolj\u00e1k meg. El\u0151ad\u00f3ink gyakorlott \u00e9s elismert szakemberek. Az &hellip; <a href=\"https:\/\/szepsegesvarandossag.hu\/?p=1\">Egy kattint\u00e1s ide a folytat\u00e1shoz&#8230;. <span class=\"meta-nav\">&rarr;<\/span><\/a><\/p>\n","protected":false},"author":1,"featured_media":0,"comment_status":"closed","ping_status":"open","sticky":false,"template":"","format":"standard","meta":[],"categories":[1],"tags":[],"_links":{"self":[{"href":"https:\/\/szepsegesvarandossag.hu\/index.php?rest_route=\/wp\/v2\/posts\/1"}],"collection":[{"href":"https:\/\/szepsegesvarandossag.hu\/index.php?rest_route=\/wp\/v2\/posts"}],"about":[{"href":"https:\/\/szepsegesvarandossag.hu\/index.php?rest_route=\/wp\/v2\/types\/post"}],"author":[{"embeddable":true,"href":"https:\/\/szepsegesvarandossag.hu\/index.php?rest_route=\/wp\/v2\/users\/1"}],"replies":[{"embeddable":true,"href":"https:\/\/szepsegesvarandossag.hu\/index.php?rest_route=%2Fwp%2Fv2%2Fcomments&post=1"}],"version-history":[{"count":299,"href":"https:\/\/szepsegesvarandossag.hu\/index.php?rest_route=\/wp\/v2\/posts\/1\/revisions"}],"predecessor-version":[{"id":2129,"href":"https:\/\/szepsegesvarandossag.hu\/index.php?rest_route=\/wp\/v2\/posts\/1\/revisions\/2129"}],"wp:attachment":[{"href":"https:\/\/szepsegesvarandossag.hu\/index.php?rest_route=%2Fwp%2Fv2%2Fmedia&parent=1"}],"wp:term":[{"taxonomy":"category","embeddable":true,"href":"https:\/\/szepsegesvarandossag.hu\/index.php?rest_route=%2Fwp%2Fv2%2Fcategories&post=1"},{"taxonomy":"post_tag","embeddable":true,"href":"https:\/\/szepsegesvarandossag.hu\/index.php?rest_route=%2Fwp%2Fv2%2Ftags&post=1"}],"curies":[{"name":"wp","href":"https:\/\/api.w.org\/{rel}","templated":true}]}}